{"id":1220,"date":"2025-09-22T17:35:52","date_gmt":"2025-09-22T16:35:52","guid":{"rendered":"https:\/\/your-madeira.com\/?p=1220"},"modified":"2025-09-22T17:53:33","modified_gmt":"2025-09-22T16:53:33","slug":"levada-walks-near-funchal-beautiful-hikes-without-a-car","status":"publish","type":"post","link":"https:\/\/your-madeira.com\/de\/2025\/09\/22\/levada-walks-near-funchal-beautiful-hikes-without-a-car\/","title":{"rendered":"2 einfache Levada Wanderungen ab Funchal - ganz ohne Auto"},"content":{"rendered":"<p>Manchmal will man einfach nur raus - sch\u00f6ne Landschaft, frische Luft - ohne sich Gedanken \u00fcber steile Stra\u00dfen, Autofahren oder komplizierte Transfers zu machen. Wenn du in Funchal bist und kein Auto hast (oder einfach keine Lust aufs Fahren), sind diese zwei Levadas perfekt: gr\u00f6\u00dftenteils flach, hin und zur\u00fcck, erreichbar mit Bus, Uber oder Bolt, und flexibel. Du kannst so weit gehen, wie du m\u00f6chtest, und einfach umdrehen, wenn\u2019s reicht. Denk nur daran: wie bei allen Levadas gibt\u2019s teilweise steile Abh\u00e4nge, schmale Wege oder Tunnel \u2013 bleib also immer auf dem Pfad, schau, wo du hintrittst, und kehr um, wenn du dich unwohl f\u00fchlst.<\/p>\n\n\n\n<p class=\"has-text-align-center\"><em><em>Wenn dir meine Tipps weiterhelfen und du meine Arbeit unterst\u00fctzen m\u00f6chtest, freue ich mich riesig \u00fcber einen Kaffee (oder eine Poncha \ud83d\ude09) auf&nbsp;<a href=\"https:\/\/buymeacoffee.com\/your_madeira\">https:\/\/buymeacoffee.com\/your_madeira<\/a>Danke vielmals!<\/em><\/em><\/p>\n\n\n<div class=\"wp-block-image\">\n<figure class=\"aligncenter size-large is-resized\"><img data-recalc-dims=\"1\" loading=\"lazy\" decoding=\"async\" width=\"768\" height=\"1024\" data-attachment-id=\"1231\" data-permalink=\"https:\/\/your-madeira.com\/de\/2025\/09\/22\/levada-walks-near-funchal-beautiful-hikes-without-a-car\/img_3089\/\" data-orig-file=\"https:\/\/i0.wp.com\/your-madeira.com\/wp-content\/uploads\/2025\/09\/IMG_3089.jpeg?fit=3024%2C4032&amp;ssl=1\" data-orig-size=\"3024,4032\" data-comments-opened=\"1\" data-image-meta=\"{&quot;aperture&quot;:&quot;1.6&quot;,&quot;credit&quot;:&quot;&quot;,&quot;camera&quot;:&quot;iPhone 13&quot;,&quot;caption&quot;:&quot;&quot;,&quot;created_timestamp&quot;:&quot;1754219605&quot;,&quot;copyright&quot;:&quot;&quot;,&quot;focal_length&quot;:&quot;5.1&quot;,&quot;iso&quot;:&quot;50&quot;,&quot;shutter_speed&quot;:&quot;0.0017513134851138&quot;,&quot;title&quot;:&quot;&quot;,&quot;orientation&quot;:&quot;1&quot;}\" data-image-title=\"IMG_3089\" data-image-description=\"\" data-image-caption=\"\" data-large-file=\"https:\/\/i0.wp.com\/your-madeira.com\/wp-content\/uploads\/2025\/09\/IMG_3089.jpeg?fit=768%2C1024&amp;ssl=1\" src=\"https:\/\/i0.wp.com\/your-madeira.com\/wp-content\/uploads\/2025\/09\/IMG_3089.jpeg?resize=768%2C1024&#038;ssl=1\" alt=\"\" class=\"wp-image-1231\" style=\"width:510px;height:auto\" srcset=\"https:\/\/i0.wp.com\/your-madeira.com\/wp-content\/uploads\/2025\/09\/IMG_3089.jpeg?resize=768%2C1024&amp;ssl=1 768w, https:\/\/i0.wp.com\/your-madeira.com\/wp-content\/uploads\/2025\/09\/IMG_3089.jpeg?resize=225%2C300&amp;ssl=1 225w, https:\/\/i0.wp.com\/your-madeira.com\/wp-content\/uploads\/2025\/09\/IMG_3089.jpeg?resize=1152%2C1536&amp;ssl=1 1152w, https:\/\/i0.wp.com\/your-madeira.com\/wp-content\/uploads\/2025\/09\/IMG_3089.jpeg?resize=1536%2C2048&amp;ssl=1 1536w, https:\/\/i0.wp.com\/your-madeira.com\/wp-content\/uploads\/2025\/09\/IMG_3089.jpeg?resize=9%2C12&amp;ssl=1 9w, https:\/\/i0.wp.com\/your-madeira.com\/wp-content\/uploads\/2025\/09\/IMG_3089.jpeg?resize=600%2C800&amp;ssl=1 600w, https:\/\/i0.wp.com\/your-madeira.com\/wp-content\/uploads\/2025\/09\/IMG_3089.jpeg?w=2400&amp;ssl=1 2400w\" sizes=\"auto, (max-width: 768px) 100vw, 768px\" \/><\/figure>\n<\/div>\n\n\n<hr class=\"wp-block-separator has-alpha-channel-opacity\"\/>\n\n\n\n<h3 class=\"wp-block-heading\">Levada dos Tornos (Monte)<\/h3>\n\n\n\n<p><strong>Warum diese Wanderung so sch\u00f6n ist<\/strong><\/p>\n\n\n\n<ul class=\"wp-block-list\">\n<li>Wundersch\u00f6ner Blick \u00fcber Funchal, besonders wenn du in Monte startest<\/li>\n\n\n\n<li>Natur pur, ganz nah an der Stadt<\/li>\n\n\n\n<li>Teeh\u00e4user entlang der Strecke: perfekte Orte f\u00fcr eine Pause mit einem Drink, bevor es wieder zur\u00fcckgeht<\/li>\n<\/ul>\n\n\n\n<figure class=\"wp-block-gallery has-nested-images columns-default is-cropped wp-block-gallery-1 is-layout-flex wp-block-gallery-is-layout-flex\">\n<figure class=\"wp-block-image size-large\"><img data-recalc-dims=\"1\" loading=\"lazy\" decoding=\"async\" width=\"768\" height=\"1024\" data-attachment-id=\"1236\" data-permalink=\"https:\/\/your-madeira.com\/de\/2025\/09\/22\/levada-walks-near-funchal-beautiful-hikes-without-a-car\/img_8768\/\" data-orig-file=\"https:\/\/i0.wp.com\/your-madeira.com\/wp-content\/uploads\/2025\/09\/IMG_8768-rotated.jpeg?fit=3024%2C4032&amp;ssl=1\" data-orig-size=\"3024,4032\" data-comments-opened=\"1\" data-image-meta=\"{&quot;aperture&quot;:&quot;1.6&quot;,&quot;credit&quot;:&quot;&quot;,&quot;camera&quot;:&quot;iPhone 13&quot;,&quot;caption&quot;:&quot;&quot;,&quot;created_timestamp&quot;:&quot;1745587423&quot;,&quot;copyright&quot;:&quot;&quot;,&quot;focal_length&quot;:&quot;5.1&quot;,&quot;iso&quot;:&quot;50&quot;,&quot;shutter_speed&quot;:&quot;0.0009727626459144&quot;,&quot;title&quot;:&quot;&quot;,&quot;orientation&quot;:&quot;1&quot;}\" data-image-title=\"IMG_8768\" data-image-description=\"\" data-image-caption=\"\" data-large-file=\"https:\/\/i0.wp.com\/your-madeira.com\/wp-content\/uploads\/2025\/09\/IMG_8768-rotated.jpeg?fit=768%2C1024&amp;ssl=1\" data-id=\"1236\" src=\"https:\/\/i0.wp.com\/your-madeira.com\/wp-content\/uploads\/2025\/09\/IMG_8768.jpeg?resize=768%2C1024&#038;ssl=1\" alt=\"\" class=\"wp-image-1236\" srcset=\"https:\/\/i0.wp.com\/your-madeira.com\/wp-content\/uploads\/2025\/09\/IMG_8768-rotated.jpeg?resize=768%2C1024&amp;ssl=1 768w, https:\/\/i0.wp.com\/your-madeira.com\/wp-content\/uploads\/2025\/09\/IMG_8768-rotated.jpeg?resize=225%2C300&amp;ssl=1 225w, https:\/\/i0.wp.com\/your-madeira.com\/wp-content\/uploads\/2025\/09\/IMG_8768-rotated.jpeg?resize=1152%2C1536&amp;ssl=1 1152w, https:\/\/i0.wp.com\/your-madeira.com\/wp-content\/uploads\/2025\/09\/IMG_8768-rotated.jpeg?resize=1536%2C2048&amp;ssl=1 1536w, https:\/\/i0.wp.com\/your-madeira.com\/wp-content\/uploads\/2025\/09\/IMG_8768-rotated.jpeg?resize=9%2C12&amp;ssl=1 9w, https:\/\/i0.wp.com\/your-madeira.com\/wp-content\/uploads\/2025\/09\/IMG_8768-rotated.jpeg?resize=600%2C800&amp;ssl=1 600w, https:\/\/i0.wp.com\/your-madeira.com\/wp-content\/uploads\/2025\/09\/IMG_8768-rotated.jpeg?w=2400&amp;ssl=1 2400w\" sizes=\"auto, (max-width: 768px) 100vw, 768px\" \/><\/figure>\n\n\n\n<figure class=\"wp-block-image size-large\"><img data-recalc-dims=\"1\" loading=\"lazy\" decoding=\"async\" width=\"768\" height=\"1024\" data-attachment-id=\"1239\" data-permalink=\"https:\/\/your-madeira.com\/de\/2025\/09\/22\/levada-walks-near-funchal-beautiful-hikes-without-a-car\/img_6103\/\" data-orig-file=\"https:\/\/i0.wp.com\/your-madeira.com\/wp-content\/uploads\/2025\/09\/IMG_6103.jpeg?fit=2995%2C3995&amp;ssl=1\" data-orig-size=\"2995,3995\" data-comments-opened=\"1\" data-image-meta=\"{&quot;aperture&quot;:&quot;1.6&quot;,&quot;credit&quot;:&quot;&quot;,&quot;camera&quot;:&quot;iPhone 13&quot;,&quot;caption&quot;:&quot;&quot;,&quot;created_timestamp&quot;:&quot;1736775585&quot;,&quot;copyright&quot;:&quot;&quot;,&quot;focal_length&quot;:&quot;5.1&quot;,&quot;iso&quot;:&quot;50&quot;,&quot;shutter_speed&quot;:&quot;9.1996320147194E-5&quot;,&quot;title&quot;:&quot;&quot;,&quot;orientation&quot;:&quot;1&quot;}\" data-image-title=\"IMG_6103\" data-image-description=\"\" data-image-caption=\"\" data-large-file=\"https:\/\/i0.wp.com\/your-madeira.com\/wp-content\/uploads\/2025\/09\/IMG_6103.jpeg?fit=768%2C1024&amp;ssl=1\" data-id=\"1239\" src=\"https:\/\/i0.wp.com\/your-madeira.com\/wp-content\/uploads\/2025\/09\/IMG_6103.jpeg?resize=768%2C1024&#038;ssl=1\" alt=\"\" class=\"wp-image-1239\" srcset=\"https:\/\/i0.wp.com\/your-madeira.com\/wp-content\/uploads\/2025\/09\/IMG_6103.jpeg?resize=768%2C1024&amp;ssl=1 768w, https:\/\/i0.wp.com\/your-madeira.com\/wp-content\/uploads\/2025\/09\/IMG_6103.jpeg?resize=225%2C300&amp;ssl=1 225w, https:\/\/i0.wp.com\/your-madeira.com\/wp-content\/uploads\/2025\/09\/IMG_6103.jpeg?resize=1152%2C1536&amp;ssl=1 1152w, https:\/\/i0.wp.com\/your-madeira.com\/wp-content\/uploads\/2025\/09\/IMG_6103.jpeg?resize=1535%2C2048&amp;ssl=1 1535w, https:\/\/i0.wp.com\/your-madeira.com\/wp-content\/uploads\/2025\/09\/IMG_6103.jpeg?resize=9%2C12&amp;ssl=1 9w, https:\/\/i0.wp.com\/your-madeira.com\/wp-content\/uploads\/2025\/09\/IMG_6103.jpeg?resize=600%2C800&amp;ssl=1 600w, https:\/\/i0.wp.com\/your-madeira.com\/wp-content\/uploads\/2025\/09\/IMG_6103.jpeg?w=2400&amp;ssl=1 2400w\" sizes=\"auto, (max-width: 768px) 100vw, 768px\" \/><\/figure>\n\n\n\n<figure class=\"wp-block-image size-large\"><img data-recalc-dims=\"1\" loading=\"lazy\" decoding=\"async\" width=\"768\" height=\"1024\" data-attachment-id=\"1240\" data-permalink=\"https:\/\/your-madeira.com\/de\/2025\/09\/22\/levada-walks-near-funchal-beautiful-hikes-without-a-car\/img_6104-2\/\" data-orig-file=\"https:\/\/i0.wp.com\/your-madeira.com\/wp-content\/uploads\/2025\/09\/IMG_6104.jpeg?fit=3024%2C4032&amp;ssl=1\" data-orig-size=\"3024,4032\" data-comments-opened=\"1\" data-image-meta=\"{&quot;aperture&quot;:&quot;1.6&quot;,&quot;credit&quot;:&quot;&quot;,&quot;camera&quot;:&quot;iPhone 13&quot;,&quot;caption&quot;:&quot;&quot;,&quot;created_timestamp&quot;:&quot;1736776573&quot;,&quot;copyright&quot;:&quot;&quot;,&quot;focal_length&quot;:&quot;5.1&quot;,&quot;iso&quot;:&quot;50&quot;,&quot;shutter_speed&quot;:&quot;0.0009469696969697&quot;,&quot;title&quot;:&quot;&quot;,&quot;orientation&quot;:&quot;1&quot;}\" data-image-title=\"IMG_6104\" data-image-description=\"\" data-image-caption=\"\" data-large-file=\"https:\/\/i0.wp.com\/your-madeira.com\/wp-content\/uploads\/2025\/09\/IMG_6104.jpeg?fit=768%2C1024&amp;ssl=1\" data-id=\"1240\" src=\"https:\/\/i0.wp.com\/your-madeira.com\/wp-content\/uploads\/2025\/09\/IMG_6104.jpeg?resize=768%2C1024&#038;ssl=1\" alt=\"\" class=\"wp-image-1240\" srcset=\"https:\/\/i0.wp.com\/your-madeira.com\/wp-content\/uploads\/2025\/09\/IMG_6104.jpeg?resize=768%2C1024&amp;ssl=1 768w, https:\/\/i0.wp.com\/your-madeira.com\/wp-content\/uploads\/2025\/09\/IMG_6104.jpeg?resize=225%2C300&amp;ssl=1 225w, https:\/\/i0.wp.com\/your-madeira.com\/wp-content\/uploads\/2025\/09\/IMG_6104.jpeg?resize=1152%2C1536&amp;ssl=1 1152w, https:\/\/i0.wp.com\/your-madeira.com\/wp-content\/uploads\/2025\/09\/IMG_6104.jpeg?resize=1536%2C2048&amp;ssl=1 1536w, https:\/\/i0.wp.com\/your-madeira.com\/wp-content\/uploads\/2025\/09\/IMG_6104.jpeg?resize=9%2C12&amp;ssl=1 9w, https:\/\/i0.wp.com\/your-madeira.com\/wp-content\/uploads\/2025\/09\/IMG_6104.jpeg?resize=600%2C800&amp;ssl=1 600w, https:\/\/i0.wp.com\/your-madeira.com\/wp-content\/uploads\/2025\/09\/IMG_6104.jpeg?w=2400&amp;ssl=1 2400w\" sizes=\"auto, (max-width: 768px) 100vw, 768px\" \/><\/figure>\n<\/figure>\n\n\n\n<div style=\"height:53px\" aria-hidden=\"true\" class=\"wp-block-spacer\"><\/div>\n\n\n\n<p><strong>Startpunkt und Strecke<\/strong><\/p>\n\n\n\n<ul class=\"wp-block-list\">\n<li>Eine Option: du startest in&nbsp;<em>Monte<\/em>&nbsp;(bei der Seilbahnstation). Folge dem kleinen Weg bei der LocalShop Caf\u00e9 vorbei und geh in Richtung Curral dos Romeiros. Es geht ein St\u00fcck bergauf \u2013 dem alten Eselsweg folgend \u2013 bis du oben bei Curral dos Romeiros ankommst. Von dort einfach den Levadaschildern folgen.<\/li>\n\n\n\n<li>Alternativ kannst du direkt in Curral dos Romeiros starten und gleich in die Levada einsteigen.<\/li>\n<\/ul>\n\n\n\n<p><strong>Anreise ohne Auto<\/strong><\/p>\n\n\n\n<ul class=\"wp-block-list\">\n<li>Mit dem \u00f6ffentlichen Bus oder Seilbahn von Funchal nach Monte, dann ein kurzer Weg  zu Fu\u00df zum Startpunkt\nOder bequem mit Uber \/ Bolt \/ Taxi: ca. 7\u201312\u202f\u20ac je nach Verkehr<\/li>\n\n\n\n<li>Wenn du f\u00e4hrst: Es gibt kostenlosen Parkplatz bei der Seilbahnstation \u2013 aber Achtung, die Stra\u00dfen nach Monte sind eng und steil<\/li>\n<\/ul>\n\n\n\n<p><strong>Was dich erwartet<\/strong><\/p>\n\n\n\n<ul class=\"wp-block-list\">\n<li>Strecke: je nachdem wie weit du l\u00e4ufst. Von Monte bis zum Hortensia Gardens Teahouse und zur\u00fcck sind es ca. 7\u202fkm \u2013 perfekt f\u00fcr einen entspannten Spaziergang von ein paar Stunden<\/li>\n\n\n\n<li>H\u00f6henunterschied: von Monte aus ca. 150\u202fm, also eher moderat<\/li>\n\n\n\n<li>Meist flach, aber mit ein paar steileren Abschnitten, vor allem am Anfang oder an Stra\u00dfenkreuzungen<\/li>\n\n\n\n<li>Wetter: auch wenn es in Funchal sonnig ist, liegt Monte oft in den Wolken \u2013 schau am besten vorher die <a href=\"https:\/\/www.netmadeira.com\/webcams-madeira\/monte\" title=\"\">Live-webcams<\/a> an bevor du hochf\u00e4hrst<\/li>\n<\/ul>\n\n\n<div class=\"wp-block-image\">\n<figure class=\"aligncenter size-large is-resized\"><img data-recalc-dims=\"1\" loading=\"lazy\" decoding=\"async\" width=\"768\" height=\"1024\" data-attachment-id=\"1238\" data-permalink=\"https:\/\/your-madeira.com\/de\/2025\/09\/22\/levada-walks-near-funchal-beautiful-hikes-without-a-car\/img_6106\/\" data-orig-file=\"https:\/\/i0.wp.com\/your-madeira.com\/wp-content\/uploads\/2025\/09\/IMG_6106.jpeg?fit=3024%2C4032&amp;ssl=1\" data-orig-size=\"3024,4032\" data-comments-opened=\"1\" data-image-meta=\"{&quot;aperture&quot;:&quot;1.6&quot;,&quot;credit&quot;:&quot;&quot;,&quot;camera&quot;:&quot;iPhone 13&quot;,&quot;caption&quot;:&quot;&quot;,&quot;created_timestamp&quot;:&quot;1736780428&quot;,&quot;copyright&quot;:&quot;&quot;,&quot;focal_length&quot;:&quot;5.1&quot;,&quot;iso&quot;:&quot;50&quot;,&quot;shutter_speed&quot;:&quot;0.000109998900011&quot;,&quot;title&quot;:&quot;&quot;,&quot;orientation&quot;:&quot;1&quot;}\" data-image-title=\"IMG_6106\" data-image-description=\"\" data-image-caption=\"\" data-large-file=\"https:\/\/i0.wp.com\/your-madeira.com\/wp-content\/uploads\/2025\/09\/IMG_6106.jpeg?fit=768%2C1024&amp;ssl=1\" src=\"https:\/\/i0.wp.com\/your-madeira.com\/wp-content\/uploads\/2025\/09\/IMG_6106.jpeg?resize=768%2C1024&#038;ssl=1\" alt=\"\" class=\"wp-image-1238\" style=\"width:502px;height:auto\" srcset=\"https:\/\/i0.wp.com\/your-madeira.com\/wp-content\/uploads\/2025\/09\/IMG_6106.jpeg?resize=768%2C1024&amp;ssl=1 768w, https:\/\/i0.wp.com\/your-madeira.com\/wp-content\/uploads\/2025\/09\/IMG_6106.jpeg?resize=225%2C300&amp;ssl=1 225w, https:\/\/i0.wp.com\/your-madeira.com\/wp-content\/uploads\/2025\/09\/IMG_6106.jpeg?resize=1152%2C1536&amp;ssl=1 1152w, https:\/\/i0.wp.com\/your-madeira.com\/wp-content\/uploads\/2025\/09\/IMG_6106.jpeg?resize=1536%2C2048&amp;ssl=1 1536w, https:\/\/i0.wp.com\/your-madeira.com\/wp-content\/uploads\/2025\/09\/IMG_6106.jpeg?resize=9%2C12&amp;ssl=1 9w, https:\/\/i0.wp.com\/your-madeira.com\/wp-content\/uploads\/2025\/09\/IMG_6106.jpeg?resize=600%2C800&amp;ssl=1 600w, https:\/\/i0.wp.com\/your-madeira.com\/wp-content\/uploads\/2025\/09\/IMG_6106.jpeg?w=2400&amp;ssl=1 2400w\" sizes=\"auto, (max-width: 768px) 100vw, 768px\" \/><\/figure>\n<\/div>\n\n\n<hr class=\"wp-block-separator has-alpha-channel-opacity\"\/>\n\n\n\n<h3 class=\"wp-block-heading\">Levada dos Piornais (Lido \/ Praia Formosa)<\/h3>\n\n\n\n<p><strong>Warum diese Wanderung so sch\u00f6n ist<\/strong><\/p>\n\n\n\n<ul class=\"wp-block-list\">\n<li>Weniger touristisch, mehr \u201clokales Flair\u201d. Du startest in der Stadt, l\u00e4ufst an H\u00e4usern vorbei durch Bananenplantagen bis ins l\u00e4ndlichere Umland \u2013 mit tollen Blicken ins Tal<\/li>\n\n\n\n<li>Sehr flexibel: du kannst nur ein kleines St\u00fcck laufen oder weiter raus, je nachdem wie abenteuerlustig du bist<\/li>\n<\/ul>\n\n\n\n<p><strong>Startpunkt und Highlights<\/strong><\/p>\n\n\n\n<ul class=\"wp-block-list\">\n<li>Mein Lieblingsstart ist bei der Casa da Levada (kleine Tapas-Bar mit Poncha \u2013 sehr empfehlenswert, aber sonntags geschlossen).<\/li>\n\n\n\n<li>Am Anfang geht\u2019s durch Wohngegenden, G\u00e4rten, dann durch Bananenplantagen \u2013 weiter drau\u00dfen wird es dann richtig l\u00e4ndlich mit fantastischen Talblicken.<\/li>\n<\/ul>\n\n\n\n<figure class=\"wp-block-gallery has-nested-images columns-default is-cropped wp-block-gallery-2 is-layout-flex wp-block-gallery-is-layout-flex\">\n<figure class=\"wp-block-image size-large\"><img data-recalc-dims=\"1\" loading=\"lazy\" decoding=\"async\" width=\"768\" height=\"1024\" data-attachment-id=\"1228\" data-permalink=\"https:\/\/your-madeira.com\/de\/2025\/09\/22\/levada-walks-near-funchal-beautiful-hikes-without-a-car\/img_3102\/\" data-orig-file=\"https:\/\/i0.wp.com\/your-madeira.com\/wp-content\/uploads\/2025\/09\/IMG_3102-rotated.jpeg?fit=3024%2C4032&amp;ssl=1\" data-orig-size=\"3024,4032\" data-comments-opened=\"1\" data-image-meta=\"{&quot;aperture&quot;:&quot;1.6&quot;,&quot;credit&quot;:&quot;&quot;,&quot;camera&quot;:&quot;iPhone 13&quot;,&quot;caption&quot;:&quot;&quot;,&quot;created_timestamp&quot;:&quot;1754222325&quot;,&quot;copyright&quot;:&quot;&quot;,&quot;focal_length&quot;:&quot;5.1&quot;,&quot;iso&quot;:&quot;50&quot;,&quot;shutter_speed&quot;:&quot;0.00026702269692924&quot;,&quot;title&quot;:&quot;&quot;,&quot;orientation&quot;:&quot;1&quot;}\" data-image-title=\"IMG_3102\" data-image-description=\"\" data-image-caption=\"\" data-large-file=\"https:\/\/i0.wp.com\/your-madeira.com\/wp-content\/uploads\/2025\/09\/IMG_3102-rotated.jpeg?fit=768%2C1024&amp;ssl=1\" data-id=\"1228\" src=\"https:\/\/i0.wp.com\/your-madeira.com\/wp-content\/uploads\/2025\/09\/IMG_3102.jpeg?resize=768%2C1024&#038;ssl=1\" alt=\"\" class=\"wp-image-1228\" srcset=\"https:\/\/i0.wp.com\/your-madeira.com\/wp-content\/uploads\/2025\/09\/IMG_3102-rotated.jpeg?resize=768%2C1024&amp;ssl=1 768w, https:\/\/i0.wp.com\/your-madeira.com\/wp-content\/uploads\/2025\/09\/IMG_3102-rotated.jpeg?resize=225%2C300&amp;ssl=1 225w, https:\/\/i0.wp.com\/your-madeira.com\/wp-content\/uploads\/2025\/09\/IMG_3102-rotated.jpeg?resize=1152%2C1536&amp;ssl=1 1152w, https:\/\/i0.wp.com\/your-madeira.com\/wp-content\/uploads\/2025\/09\/IMG_3102-rotated.jpeg?resize=1536%2C2048&amp;ssl=1 1536w, https:\/\/i0.wp.com\/your-madeira.com\/wp-content\/uploads\/2025\/09\/IMG_3102-rotated.jpeg?resize=9%2C12&amp;ssl=1 9w, https:\/\/i0.wp.com\/your-madeira.com\/wp-content\/uploads\/2025\/09\/IMG_3102-rotated.jpeg?resize=600%2C800&amp;ssl=1 600w, https:\/\/i0.wp.com\/your-madeira.com\/wp-content\/uploads\/2025\/09\/IMG_3102-rotated.jpeg?w=2400&amp;ssl=1 2400w\" sizes=\"auto, (max-width: 768px) 100vw, 768px\" \/><\/figure>\n\n\n\n<figure class=\"wp-block-image size-large\"><img data-recalc-dims=\"1\" loading=\"lazy\" decoding=\"async\" width=\"768\" height=\"1024\" data-attachment-id=\"1232\" data-permalink=\"https:\/\/your-madeira.com\/de\/2025\/09\/22\/levada-walks-near-funchal-beautiful-hikes-without-a-car\/img_3085\/\" data-orig-file=\"https:\/\/i0.wp.com\/your-madeira.com\/wp-content\/uploads\/2025\/09\/IMG_3085.jpeg?fit=3024%2C4032&amp;ssl=1\" data-orig-size=\"3024,4032\" data-comments-opened=\"1\" data-image-meta=\"{&quot;aperture&quot;:&quot;1.6&quot;,&quot;credit&quot;:&quot;&quot;,&quot;camera&quot;:&quot;iPhone 13&quot;,&quot;caption&quot;:&quot;&quot;,&quot;created_timestamp&quot;:&quot;1754217948&quot;,&quot;copyright&quot;:&quot;&quot;,&quot;focal_length&quot;:&quot;5.1&quot;,&quot;iso&quot;:&quot;50&quot;,&quot;shutter_speed&quot;:&quot;0.00017099863201094&quot;,&quot;title&quot;:&quot;&quot;,&quot;orientation&quot;:&quot;1&quot;}\" data-image-title=\"IMG_3085\" data-image-description=\"\" data-image-caption=\"\" data-large-file=\"https:\/\/i0.wp.com\/your-madeira.com\/wp-content\/uploads\/2025\/09\/IMG_3085.jpeg?fit=768%2C1024&amp;ssl=1\" data-id=\"1232\" src=\"https:\/\/i0.wp.com\/your-madeira.com\/wp-content\/uploads\/2025\/09\/IMG_3085.jpeg?resize=768%2C1024&#038;ssl=1\" alt=\"\" class=\"wp-image-1232\" srcset=\"https:\/\/i0.wp.com\/your-madeira.com\/wp-content\/uploads\/2025\/09\/IMG_3085.jpeg?resize=768%2C1024&amp;ssl=1 768w, https:\/\/i0.wp.com\/your-madeira.com\/wp-content\/uploads\/2025\/09\/IMG_3085.jpeg?resize=225%2C300&amp;ssl=1 225w, https:\/\/i0.wp.com\/your-madeira.com\/wp-content\/uploads\/2025\/09\/IMG_3085.jpeg?resize=1152%2C1536&amp;ssl=1 1152w, https:\/\/i0.wp.com\/your-madeira.com\/wp-content\/uploads\/2025\/09\/IMG_3085.jpeg?resize=1536%2C2048&amp;ssl=1 1536w, https:\/\/i0.wp.com\/your-madeira.com\/wp-content\/uploads\/2025\/09\/IMG_3085.jpeg?resize=9%2C12&amp;ssl=1 9w, https:\/\/i0.wp.com\/your-madeira.com\/wp-content\/uploads\/2025\/09\/IMG_3085.jpeg?resize=600%2C800&amp;ssl=1 600w, https:\/\/i0.wp.com\/your-madeira.com\/wp-content\/uploads\/2025\/09\/IMG_3085.jpeg?w=2400&amp;ssl=1 2400w\" sizes=\"auto, (max-width: 768px) 100vw, 768px\" \/><\/figure>\n\n\n\n<figure class=\"wp-block-image size-large\"><img data-recalc-dims=\"1\" loading=\"lazy\" decoding=\"async\" width=\"768\" height=\"1024\" data-attachment-id=\"1230\" data-permalink=\"https:\/\/your-madeira.com\/de\/2025\/09\/22\/levada-walks-near-funchal-beautiful-hikes-without-a-car\/img_1930\/\" data-orig-file=\"https:\/\/i0.wp.com\/your-madeira.com\/wp-content\/uploads\/2025\/09\/IMG_1930-rotated.jpeg?fit=3024%2C4032&amp;ssl=1\" data-orig-size=\"3024,4032\" data-comments-opened=\"1\" data-image-meta=\"{&quot;aperture&quot;:&quot;1.5&quot;,&quot;credit&quot;:&quot;&quot;,&quot;camera&quot;:&quot;iPhone 13 Pro Max&quot;,&quot;caption&quot;:&quot;&quot;,&quot;created_timestamp&quot;:&quot;1754221509&quot;,&quot;copyright&quot;:&quot;&quot;,&quot;focal_length&quot;:&quot;5.7&quot;,&quot;iso&quot;:&quot;50&quot;,&quot;shutter_speed&quot;:&quot;0.00097181729834791&quot;,&quot;title&quot;:&quot;&quot;,&quot;orientation&quot;:&quot;1&quot;}\" data-image-title=\"IMG_1930\" data-image-description=\"\" data-image-caption=\"\" data-large-file=\"https:\/\/i0.wp.com\/your-madeira.com\/wp-content\/uploads\/2025\/09\/IMG_1930-rotated.jpeg?fit=768%2C1024&amp;ssl=1\" data-id=\"1230\" src=\"https:\/\/i0.wp.com\/your-madeira.com\/wp-content\/uploads\/2025\/09\/IMG_1930.jpeg?resize=768%2C1024&#038;ssl=1\" alt=\"\" class=\"wp-image-1230\" srcset=\"https:\/\/i0.wp.com\/your-madeira.com\/wp-content\/uploads\/2025\/09\/IMG_1930-rotated.jpeg?resize=768%2C1024&amp;ssl=1 768w, https:\/\/i0.wp.com\/your-madeira.com\/wp-content\/uploads\/2025\/09\/IMG_1930-rotated.jpeg?resize=225%2C300&amp;ssl=1 225w, https:\/\/i0.wp.com\/your-madeira.com\/wp-content\/uploads\/2025\/09\/IMG_1930-rotated.jpeg?resize=1152%2C1536&amp;ssl=1 1152w, https:\/\/i0.wp.com\/your-madeira.com\/wp-content\/uploads\/2025\/09\/IMG_1930-rotated.jpeg?resize=1536%2C2048&amp;ssl=1 1536w, https:\/\/i0.wp.com\/your-madeira.com\/wp-content\/uploads\/2025\/09\/IMG_1930-rotated.jpeg?resize=9%2C12&amp;ssl=1 9w, https:\/\/i0.wp.com\/your-madeira.com\/wp-content\/uploads\/2025\/09\/IMG_1930-rotated.jpeg?resize=600%2C800&amp;ssl=1 600w, https:\/\/i0.wp.com\/your-madeira.com\/wp-content\/uploads\/2025\/09\/IMG_1930-rotated.jpeg?w=2400&amp;ssl=1 2400w\" sizes=\"auto, (max-width: 768px) 100vw, 768px\" \/><\/figure>\n<\/figure>\n\n\n\n<p><strong>Anreise ohne Auto<\/strong><\/p>\n\n\n\n<ul class=\"wp-block-list\">\n<li>Mit dem Bus aus Funchal (mehrere Haltestellen in der N\u00e4he). Oder mit Uber \/ Bolt \/ Taxi \u2013 geht alles gut.<\/li>\n\n\n\n<li>Mit dem Auto: es gibt Parkm\u00f6glichkeiten an der Stra\u00dfe, die Fahrt von Funchal ist kurz und einfach<\/li>\n<\/ul>\n\n\n\n<p><strong>Was dich erwartet<\/strong><\/p>\n\n\n\n<ul class=\"wp-block-list\">\n<li>L\u00e4nge: je nachdem, wie weit du gehst \u2013 manche Abschnitte sind in 20\u201330 Minuten machbar, du kannst aber auch mehrere Kilometer raus ins Tal wandern<\/li>\n\n\n\n<li>Weg: schmaler Betonpfad neben oder \u00fcber der Levada, teilweise schmale Stellen ohne Gel\u00e4nder\nWenn du weiter raus gehst, gibt es Tunnel, Stra\u00dfenquerungen und schmalere, abenteuerlichere Passagen<\/li>\n\n\n\n<li>Achte auf die Levada-Beschilderung und lade dir am besten vorher eine Karte aufs Handy<\/li>\n<\/ul>\n\n\n\n<figure class=\"wp-block-gallery has-nested-images columns-default is-cropped wp-block-gallery-3 is-layout-flex wp-block-gallery-is-layout-flex\">\n<figure class=\"wp-block-image size-large\"><img data-recalc-dims=\"1\" loading=\"lazy\" decoding=\"async\" width=\"768\" height=\"1024\" data-attachment-id=\"1229\" data-permalink=\"https:\/\/your-madeira.com\/de\/2025\/09\/22\/levada-walks-near-funchal-beautiful-hikes-without-a-car\/img_3110\/\" data-orig-file=\"https:\/\/i0.wp.com\/your-madeira.com\/wp-content\/uploads\/2025\/09\/IMG_3110-rotated.jpeg?fit=3024%2C4032&amp;ssl=1\" data-orig-size=\"3024,4032\" data-comments-opened=\"1\" data-image-meta=\"{&quot;aperture&quot;:&quot;1.6&quot;,&quot;credit&quot;:&quot;&quot;,&quot;camera&quot;:&quot;iPhone 13&quot;,&quot;caption&quot;:&quot;&quot;,&quot;created_timestamp&quot;:&quot;1754225425&quot;,&quot;copyright&quot;:&quot;&quot;,&quot;focal_length&quot;:&quot;5.1&quot;,&quot;iso&quot;:&quot;50&quot;,&quot;shutter_speed&quot;:&quot;0.0002410219329959&quot;,&quot;title&quot;:&quot;&quot;,&quot;orientation&quot;:&quot;1&quot;}\" data-image-title=\"IMG_3110\" data-image-description=\"\" data-image-caption=\"\" data-large-file=\"https:\/\/i0.wp.com\/your-madeira.com\/wp-content\/uploads\/2025\/09\/IMG_3110-rotated.jpeg?fit=768%2C1024&amp;ssl=1\" data-id=\"1229\" src=\"https:\/\/i0.wp.com\/your-madeira.com\/wp-content\/uploads\/2025\/09\/IMG_3110.jpeg?resize=768%2C1024&#038;ssl=1\" alt=\"\" class=\"wp-image-1229\" srcset=\"https:\/\/i0.wp.com\/your-madeira.com\/wp-content\/uploads\/2025\/09\/IMG_3110-rotated.jpeg?resize=768%2C1024&amp;ssl=1 768w, https:\/\/i0.wp.com\/your-madeira.com\/wp-content\/uploads\/2025\/09\/IMG_3110-rotated.jpeg?resize=225%2C300&amp;ssl=1 225w, https:\/\/i0.wp.com\/your-madeira.com\/wp-content\/uploads\/2025\/09\/IMG_3110-rotated.jpeg?resize=1152%2C1536&amp;ssl=1 1152w, https:\/\/i0.wp.com\/your-madeira.com\/wp-content\/uploads\/2025\/09\/IMG_3110-rotated.jpeg?resize=1536%2C2048&amp;ssl=1 1536w, https:\/\/i0.wp.com\/your-madeira.com\/wp-content\/uploads\/2025\/09\/IMG_3110-rotated.jpeg?resize=9%2C12&amp;ssl=1 9w, https:\/\/i0.wp.com\/your-madeira.com\/wp-content\/uploads\/2025\/09\/IMG_3110-rotated.jpeg?resize=600%2C800&amp;ssl=1 600w, https:\/\/i0.wp.com\/your-madeira.com\/wp-content\/uploads\/2025\/09\/IMG_3110-rotated.jpeg?w=2400&amp;ssl=1 2400w\" sizes=\"auto, (max-width: 768px) 100vw, 768px\" \/><\/figure>\n\n\n\n<figure class=\"wp-block-image size-large\"><img data-recalc-dims=\"1\" loading=\"lazy\" decoding=\"async\" width=\"768\" height=\"1024\" data-attachment-id=\"1227\" data-permalink=\"https:\/\/your-madeira.com\/de\/2025\/09\/22\/levada-walks-near-funchal-beautiful-hikes-without-a-car\/img_3105\/\" data-orig-file=\"https:\/\/i0.wp.com\/your-madeira.com\/wp-content\/uploads\/2025\/09\/IMG_3105-rotated.jpeg?fit=3024%2C4032&amp;ssl=1\" data-orig-size=\"3024,4032\" data-comments-opened=\"1\" data-image-meta=\"{&quot;aperture&quot;:&quot;1.6&quot;,&quot;credit&quot;:&quot;&quot;,&quot;camera&quot;:&quot;iPhone 13&quot;,&quot;caption&quot;:&quot;&quot;,&quot;created_timestamp&quot;:&quot;1754222582&quot;,&quot;copyright&quot;:&quot;&quot;,&quot;focal_length&quot;:&quot;5.1&quot;,&quot;iso&quot;:&quot;50&quot;,&quot;shutter_speed&quot;:&quot;0.00087719298245614&quot;,&quot;title&quot;:&quot;&quot;,&quot;orientation&quot;:&quot;1&quot;}\" data-image-title=\"IMG_3105\" data-image-description=\"\" data-image-caption=\"\" data-large-file=\"https:\/\/i0.wp.com\/your-madeira.com\/wp-content\/uploads\/2025\/09\/IMG_3105-rotated.jpeg?fit=768%2C1024&amp;ssl=1\" data-id=\"1227\" src=\"https:\/\/i0.wp.com\/your-madeira.com\/wp-content\/uploads\/2025\/09\/IMG_3105.jpeg?resize=768%2C1024&#038;ssl=1\" alt=\"\" class=\"wp-image-1227\" srcset=\"https:\/\/i0.wp.com\/your-madeira.com\/wp-content\/uploads\/2025\/09\/IMG_3105-rotated.jpeg?resize=768%2C1024&amp;ssl=1 768w, https:\/\/i0.wp.com\/your-madeira.com\/wp-content\/uploads\/2025\/09\/IMG_3105-rotated.jpeg?resize=225%2C300&amp;ssl=1 225w, https:\/\/i0.wp.com\/your-madeira.com\/wp-content\/uploads\/2025\/09\/IMG_3105-rotated.jpeg?resize=1152%2C1536&amp;ssl=1 1152w, https:\/\/i0.wp.com\/your-madeira.com\/wp-content\/uploads\/2025\/09\/IMG_3105-rotated.jpeg?resize=1536%2C2048&amp;ssl=1 1536w, https:\/\/i0.wp.com\/your-madeira.com\/wp-content\/uploads\/2025\/09\/IMG_3105-rotated.jpeg?resize=9%2C12&amp;ssl=1 9w, https:\/\/i0.wp.com\/your-madeira.com\/wp-content\/uploads\/2025\/09\/IMG_3105-rotated.jpeg?resize=600%2C800&amp;ssl=1 600w, https:\/\/i0.wp.com\/your-madeira.com\/wp-content\/uploads\/2025\/09\/IMG_3105-rotated.jpeg?w=2400&amp;ssl=1 2400w\" sizes=\"auto, (max-width: 768px) 100vw, 768px\" \/><\/figure>\n\n\n\n<figure class=\"wp-block-image size-large\"><img data-recalc-dims=\"1\" loading=\"lazy\" decoding=\"async\" width=\"768\" height=\"1024\" data-attachment-id=\"1233\" data-permalink=\"https:\/\/your-madeira.com\/de\/2025\/09\/22\/levada-walks-near-funchal-beautiful-hikes-without-a-car\/img_3087\/\" data-orig-file=\"https:\/\/i0.wp.com\/your-madeira.com\/wp-content\/uploads\/2025\/09\/IMG_3087-rotated.jpeg?fit=3024%2C4032&amp;ssl=1\" data-orig-size=\"3024,4032\" data-comments-opened=\"1\" data-image-meta=\"{&quot;aperture&quot;:&quot;1.6&quot;,&quot;credit&quot;:&quot;&quot;,&quot;camera&quot;:&quot;iPhone 13&quot;,&quot;caption&quot;:&quot;&quot;,&quot;created_timestamp&quot;:&quot;1754219577&quot;,&quot;copyright&quot;:&quot;&quot;,&quot;focal_length&quot;:&quot;5.1&quot;,&quot;iso&quot;:&quot;50&quot;,&quot;shutter_speed&quot;:&quot;0.0002410219329959&quot;,&quot;title&quot;:&quot;&quot;,&quot;orientation&quot;:&quot;1&quot;}\" data-image-title=\"IMG_3087\" data-image-description=\"\" data-image-caption=\"\" data-large-file=\"https:\/\/i0.wp.com\/your-madeira.com\/wp-content\/uploads\/2025\/09\/IMG_3087-rotated.jpeg?fit=768%2C1024&amp;ssl=1\" data-id=\"1233\" src=\"https:\/\/i0.wp.com\/your-madeira.com\/wp-content\/uploads\/2025\/09\/IMG_3087.jpeg?resize=768%2C1024&#038;ssl=1\" alt=\"\" class=\"wp-image-1233\" srcset=\"https:\/\/i0.wp.com\/your-madeira.com\/wp-content\/uploads\/2025\/09\/IMG_3087-rotated.jpeg?resize=768%2C1024&amp;ssl=1 768w, https:\/\/i0.wp.com\/your-madeira.com\/wp-content\/uploads\/2025\/09\/IMG_3087-rotated.jpeg?resize=225%2C300&amp;ssl=1 225w, https:\/\/i0.wp.com\/your-madeira.com\/wp-content\/uploads\/2025\/09\/IMG_3087-rotated.jpeg?resize=1152%2C1536&amp;ssl=1 1152w, https:\/\/i0.wp.com\/your-madeira.com\/wp-content\/uploads\/2025\/09\/IMG_3087-rotated.jpeg?resize=1536%2C2048&amp;ssl=1 1536w, https:\/\/i0.wp.com\/your-madeira.com\/wp-content\/uploads\/2025\/09\/IMG_3087-rotated.jpeg?resize=9%2C12&amp;ssl=1 9w, https:\/\/i0.wp.com\/your-madeira.com\/wp-content\/uploads\/2025\/09\/IMG_3087-rotated.jpeg?resize=600%2C800&amp;ssl=1 600w, https:\/\/i0.wp.com\/your-madeira.com\/wp-content\/uploads\/2025\/09\/IMG_3087-rotated.jpeg?w=2400&amp;ssl=1 2400w\" sizes=\"auto, (max-width: 768px) 100vw, 768px\" \/><\/figure>\n\n\n\n<figure class=\"wp-block-image size-large\"><img data-recalc-dims=\"1\" loading=\"lazy\" decoding=\"async\" width=\"768\" height=\"1024\" data-attachment-id=\"1234\" data-permalink=\"https:\/\/your-madeira.com\/de\/2025\/09\/22\/levada-walks-near-funchal-beautiful-hikes-without-a-car\/img_1936\/\" data-orig-file=\"https:\/\/i0.wp.com\/your-madeira.com\/wp-content\/uploads\/2025\/09\/IMG_1936-rotated.jpeg?fit=3024%2C4032&amp;ssl=1\" data-orig-size=\"3024,4032\" data-comments-opened=\"1\" data-image-meta=\"{&quot;aperture&quot;:&quot;1.5&quot;,&quot;credit&quot;:&quot;&quot;,&quot;camera&quot;:&quot;iPhone 13 Pro Max&quot;,&quot;caption&quot;:&quot;&quot;,&quot;created_timestamp&quot;:&quot;1754222428&quot;,&quot;copyright&quot;:&quot;&quot;,&quot;focal_length&quot;:&quot;5.7&quot;,&quot;iso&quot;:&quot;64&quot;,&quot;shutter_speed&quot;:&quot;0.0082644628099174&quot;,&quot;title&quot;:&quot;&quot;,&quot;orientation&quot;:&quot;1&quot;}\" data-image-title=\"IMG_1936\" data-image-description=\"\" data-image-caption=\"\" data-large-file=\"https:\/\/i0.wp.com\/your-madeira.com\/wp-content\/uploads\/2025\/09\/IMG_1936-rotated.jpeg?fit=768%2C1024&amp;ssl=1\" data-id=\"1234\" src=\"https:\/\/i0.wp.com\/your-madeira.com\/wp-content\/uploads\/2025\/09\/IMG_1936.jpeg?resize=768%2C1024&#038;ssl=1\" alt=\"\" class=\"wp-image-1234\" srcset=\"https:\/\/i0.wp.com\/your-madeira.com\/wp-content\/uploads\/2025\/09\/IMG_1936-rotated.jpeg?resize=768%2C1024&amp;ssl=1 768w, https:\/\/i0.wp.com\/your-madeira.com\/wp-content\/uploads\/2025\/09\/IMG_1936-rotated.jpeg?resize=225%2C300&amp;ssl=1 225w, https:\/\/i0.wp.com\/your-madeira.com\/wp-content\/uploads\/2025\/09\/IMG_1936-rotated.jpeg?resize=1152%2C1536&amp;ssl=1 1152w, https:\/\/i0.wp.com\/your-madeira.com\/wp-content\/uploads\/2025\/09\/IMG_1936-rotated.jpeg?resize=1536%2C2048&amp;ssl=1 1536w, https:\/\/i0.wp.com\/your-madeira.com\/wp-content\/uploads\/2025\/09\/IMG_1936-rotated.jpeg?resize=9%2C12&amp;ssl=1 9w, https:\/\/i0.wp.com\/your-madeira.com\/wp-content\/uploads\/2025\/09\/IMG_1936-rotated.jpeg?resize=600%2C800&amp;ssl=1 600w, https:\/\/i0.wp.com\/your-madeira.com\/wp-content\/uploads\/2025\/09\/IMG_1936-rotated.jpeg?w=2400&amp;ssl=1 2400w\" sizes=\"auto, (max-width: 768px) 100vw, 768px\" \/><\/figure>\n<\/figure>\n\n\n\n<hr class=\"wp-block-separator has-alpha-channel-opacity\"\/>\n\n\n\n<h2 class=\"wp-block-heading\">Meine Erfahrungen und Tipps<\/h2>\n\n\n\n<p>Ich bin beide Strecken mehrfach selbst gelaufen. Hier ein paar pers\u00f6nliche Gedanken:<\/p>\n\n\n\n<ul class=\"wp-block-list\">\n<li>Das&nbsp;<strong>Levada dos Tornos<\/strong>In Monte zu starten ist traumhaft \u2013 die Aussicht ist direkt da, und der Weg ist sch\u00f6n ruhig. Die Teeh\u00e4user sind ein echtes Highlight. Ein St\u00fcck Kuchen, ein Drink, und zur\u00fcck \u2013 f\u00fchlt sich fast wie ein Spaziergang durch den Park an. Auch f\u00fcr Wander-Anf\u00e4nger gut machbar!<\/li>\n\n\n\n<li>Das&nbsp;<strong>Levada dos Piornais<\/strong>Ich liebe den Start mitten in der Stadt \u2013 man gleitet quasi langsam in die Natur hinein. Erst wirkt es noch st\u00e4dtisch, dann wird\u2019s zunehmend gr\u00fcner und l\u00e4ndlicher. Die Bananenplantagen sind super fotogen, und die Ausblicke ins Tal in Richtung C\u00e2mara de Lobos sind toll. Aber Vorsicht: weiter drau\u00dfen wird der Weg schmaler und an manchen Stellen fehlt die Abdeckung \u2013 da muss man gut aufpassen.<\/li>\n<\/ul>\n\n\n\n<p>Allgemeine Wandertipps:<\/p>\n\n\n\n<ul class=\"wp-block-list\">\n<li>Gute Wanderschuhe mit Profil<\/li>\n\n\n\n<li>Wasser und evtl. Snack mitnehmen<\/li>\n\n\n\n<li>Wettervorhersage checken \u2013 Regen macht viele Pfade rutschig<\/li>\n<\/ul>\n\n\n\n<p>Wenn du Lust auf weitere Wanderungen hast: Ich biete auch gef\u00fchrte Wanderungen auf Madeira an \u2013 sicher, lokal und mit Insider-Tipps! Mehr dazu findest du hier: <a href=\"https:\/\/your-madeira.com\/de\/hikes\/\" title=\"Guided Hiking Tours in Madeira\">Wandertouren<\/a>.<\/p>\n\n\n<div class=\"wp-block-image\">\n<figure class=\"aligncenter size-large is-resized\"><img data-recalc-dims=\"1\" loading=\"lazy\" decoding=\"async\" width=\"819\" height=\"1024\" data-attachment-id=\"1235\" data-permalink=\"https:\/\/your-madeira.com\/de\/2025\/09\/22\/levada-walks-near-funchal-beautiful-hikes-without-a-car\/e3876fce-b33b-40f3-9b80-b4c2377b1f9b\/\" data-orig-file=\"https:\/\/i0.wp.com\/your-madeira.com\/wp-content\/uploads\/2025\/09\/E3876FCE-B33B-40F3-9B80-B4C2377B1F9B.jpeg?fit=1440%2C1800&amp;ssl=1\" data-orig-size=\"1440,1800\" data-comments-opened=\"1\" data-image-meta=\"{&quot;aperture&quot;:&quot;0&quot;,&quot;credit&quot;:&quot;&quot;,&quot;camera&quot;:&quot;&quot;,&quot;caption&quot;:&quot;&quot;,&quot;created_timestamp&quot;:&quot;0&quot;,&quot;copyright&quot;:&quot;&quot;,&quot;focal_length&quot;:&quot;0&quot;,&quot;iso&quot;:&quot;0&quot;,&quot;shutter_speed&quot;:&quot;0&quot;,&quot;title&quot;:&quot;&quot;,&quot;orientation&quot;:&quot;1&quot;}\" data-image-title=\"E3876FCE-B33B-40F3-9B80-B4C2377B1F9B\" data-image-description=\"\" data-image-caption=\"\" data-large-file=\"https:\/\/i0.wp.com\/your-madeira.com\/wp-content\/uploads\/2025\/09\/E3876FCE-B33B-40F3-9B80-B4C2377B1F9B.jpeg?fit=819%2C1024&amp;ssl=1\" src=\"https:\/\/i0.wp.com\/your-madeira.com\/wp-content\/uploads\/2025\/09\/E3876FCE-B33B-40F3-9B80-B4C2377B1F9B.jpeg?resize=819%2C1024&#038;ssl=1\" alt=\"\" class=\"wp-image-1235\" style=\"width:501px;height:auto\" srcset=\"https:\/\/i0.wp.com\/your-madeira.com\/wp-content\/uploads\/2025\/09\/E3876FCE-B33B-40F3-9B80-B4C2377B1F9B.jpeg?resize=819%2C1024&amp;ssl=1 819w, https:\/\/i0.wp.com\/your-madeira.com\/wp-content\/uploads\/2025\/09\/E3876FCE-B33B-40F3-9B80-B4C2377B1F9B.jpeg?resize=240%2C300&amp;ssl=1 240w, https:\/\/i0.wp.com\/your-madeira.com\/wp-content\/uploads\/2025\/09\/E3876FCE-B33B-40F3-9B80-B4C2377B1F9B.jpeg?resize=768%2C960&amp;ssl=1 768w, https:\/\/i0.wp.com\/your-madeira.com\/wp-content\/uploads\/2025\/09\/E3876FCE-B33B-40F3-9B80-B4C2377B1F9B.jpeg?resize=1229%2C1536&amp;ssl=1 1229w, https:\/\/i0.wp.com\/your-madeira.com\/wp-content\/uploads\/2025\/09\/E3876FCE-B33B-40F3-9B80-B4C2377B1F9B.jpeg?resize=10%2C12&amp;ssl=1 10w, https:\/\/i0.wp.com\/your-madeira.com\/wp-content\/uploads\/2025\/09\/E3876FCE-B33B-40F3-9B80-B4C2377B1F9B.jpeg?resize=600%2C750&amp;ssl=1 600w, https:\/\/i0.wp.com\/your-madeira.com\/wp-content\/uploads\/2025\/09\/E3876FCE-B33B-40F3-9B80-B4C2377B1F9B.jpeg?w=1440&amp;ssl=1 1440w\" sizes=\"auto, (max-width: 819px) 100vw, 819px\" \/><\/figure>\n<\/div>","protected":false},"excerpt":{"rendered":"<p>Sometimes you just want a walk &#8211; beautiful scenery, some fresh air &#8211; without worrying about steep roads, driving, or complicated transfer. If you\u2019re based in Funchal and don\u2019t have a car (or don\u2019t feel like driving), these two levadas are perfect: mostly flat, out-and-back, reachable by bus \/ Uber \/ Bolt, and flexible (you&hellip;&nbsp;<a href=\"https:\/\/your-madeira.com\/de\/2025\/09\/22\/levada-walks-near-funchal-beautiful-hikes-without-a-car\/\" rel=\"bookmark\">Weiterlesen &raquo;<span class=\"screen-reader-text\">2 einfache Levada Wanderungen ab Funchal - ganz ohne Auto<\/span><\/a><\/p>","protected":false},"author":212204763,"featured_media":1235,"comment_status":"open","ping_status":"open","sticky":false,"template":"","format":"standard","meta":{"_monsterinsights_skip_tracking":false,"_monsterinsights_sitenote_active":false,"_monsterinsights_sitenote_note":"","_monsterinsights_sitenote_category":0,"neve_meta_sidebar":"","neve_meta_container":"","neve_meta_enable_content_width":"","neve_meta_content_width":0,"neve_meta_title_alignment":"","neve_meta_author_avatar":"","neve_post_elements_order":"","neve_meta_disable_header":"","neve_meta_disable_footer":"","neve_meta_disable_title":"","advanced_seo_description":"","jetpack_seo_html_title":"","jetpack_seo_noindex":false,"_jetpack_memberships_contains_paid_content":false,"footnotes":"","jetpack_publicize_message":"","jetpack_publicize_feature_enabled":true,"jetpack_social_post_already_shared":true,"jetpack_social_options":{"image_generator_settings":{"template":"highway","default_image_id":0,"font":"","enabled":false},"version":2},"_wpas_customize_per_network":false},"categories":[1361],"tags":[1365,1375,1364],"class_list":["post-1220","post","type-post","status-publish","format-standard","has-post-thumbnail","hentry","category-hiking-adventures","tag-hiking","tag-madeira-blog","tag-madeira-travel-tips"],"jetpack_publicize_connections":[],"jetpack_featured_media_url":"https:\/\/i0.wp.com\/your-madeira.com\/wp-content\/uploads\/2025\/09\/E3876FCE-B33B-40F3-9B80-B4C2377B1F9B.jpeg?fit=1440%2C1800&ssl=1","jetpack_likes_enabled":true,"jetpack_sharing_enabled":true,"jetpack_shortlink":"https:\/\/wp.me\/pggOHR-jG","jetpack-related-posts":[],"_links":{"self":[{"href":"https:\/\/your-madeira.com\/de\/wp-json\/wp\/v2\/posts\/1220","targetHints":{"allow":["GET"]}}],"collection":[{"href":"https:\/\/your-madeira.com\/de\/wp-json\/wp\/v2\/posts"}],"about":[{"href":"https:\/\/your-madeira.com\/de\/wp-json\/wp\/v2\/types\/post"}],"author":[{"embeddable":true,"href":"https:\/\/your-madeira.com\/de\/wp-json\/wp\/v2\/users\/212204763"}],"replies":[{"embeddable":true,"href":"https:\/\/your-madeira.com\/de\/wp-json\/wp\/v2\/comments?post=1220"}],"version-history":[{"count":17,"href":"https:\/\/your-madeira.com\/de\/wp-json\/wp\/v2\/posts\/1220\/revisions"}],"predecessor-version":[{"id":1251,"href":"https:\/\/your-madeira.com\/de\/wp-json\/wp\/v2\/posts\/1220\/revisions\/1251"}],"wp:featuredmedia":[{"embeddable":true,"href":"https:\/\/your-madeira.com\/de\/wp-json\/wp\/v2\/media\/1235"}],"wp:attachment":[{"href":"https:\/\/your-madeira.com\/de\/wp-json\/wp\/v2\/media?parent=1220"}],"wp:term":[{"taxonomy":"category","embeddable":true,"href":"https:\/\/your-madeira.com\/de\/wp-json\/wp\/v2\/categories?post=1220"},{"taxonomy":"post_tag","embeddable":true,"href":"https:\/\/your-madeira.com\/de\/wp-json\/wp\/v2\/tags?post=1220"}],"curies":[{"name":"wp","href":"https:\/\/api.w.org\/{rel}","templated":true}]}}